{"id":382,"date":"2026-09-01T10:52:16","date_gmt":"2026-09-01T10:52:16","guid":{"rendered":"https:\/\/no.callie.com\/blog\/?p=382"},"modified":"2026-09-01T10:52:18","modified_gmt":"2026-09-01T10:52:18","slug":"lys-i-morket-derfor-er-en-solcelledrevet-minnelampe-den-vakreste-og-mest-praktiske-hyllesten","status":"publish","type":"post","link":"https:\/\/no.callie.com\/blog\/lys-i-morket-derfor-er-en-solcelledrevet-minnelampe-den-vakreste-og-mest-praktiske-hyllesten\/","title":{"rendered":"Lys i m\u00f8rket: Derfor er en solcelledrevet minnelampe den vakreste og mest praktiske hyllesten"},"content":{"rendered":"\n<div id=\"ez-toc-container\" class=\"ez-toc-v2_0_71 counter-hierarchy ez-toc-counter ez-toc-grey ez-toc-container-direction\">\n<div class=\"ez-toc-title-container\">\n<p class=\"ez-toc-title\" style=\"cursor:inherit\">Table of Contents<\/p>\n<span class=\"ez-toc-title-toggle\"><a href=\"#\" class=\"ez-toc-pull-right ez-toc-btn ez-toc-btn-xs ez-toc-btn-default ez-toc-toggle\" aria-label=\"Toggle Table of Content\"><span class=\"ez-toc-js-icon-con\"><span class=\"\"><span class=\"eztoc-hide\" style=\"display:none;\">Toggle<\/span><span class=\"ez-toc-icon-toggle-span\"><svg style=\"fill: #999;color:#999\" xmlns=\"http:\/\/www.w3.org\/2000\/svg\" class=\"list-377408\" width=\"20px\" height=\"20px\" viewBox=\"0 0 24 24\" fill=\"none\"><path d=\"M6 6H4v2h2V6zm14 0H8v2h12V6zM4 11h2v2H4v-2zm16 0H8v2h12v-2zM4 16h2v2H4v-2zm16 0H8v2h12v-2z\" fill=\"currentColor\"><\/path><\/svg><svg style=\"fill: #999;color:#999\" class=\"arrow-unsorted-368013\" xmlns=\"http:\/\/www.w3.org\/2000\/svg\" width=\"10px\" height=\"10px\" viewBox=\"0 0 24 24\" version=\"1.2\" baseProfile=\"tiny\"><path d=\"M18.2 9.3l-6.2-6.3-6.2 6.3c-.2.2-.3.4-.3.7s.1.5.3.7c.2.2.4.3.7.3h11c.3 0 .5-.1.7-.3.2-.2.3-.5.3-.7s-.1-.5-.3-.7zM5.8 14.7l6.2 6.3 6.2-6.3c.2-.2.3-.5.3-.7s-.1-.5-.3-.7c-.2-.2-.4-.3-.7-.3h-11c-.3 0-.5.1-.7.3-.2.2-.3.5-.3.7s.1.5.3.7z\"\/><\/svg><\/span><\/span><\/span><\/a><\/span><\/div>\n<nav><ul class='ez-toc-list ez-toc-list-level-1 ' ><li class='ez-toc-page-1 ez-toc-heading-level-2'><a class=\"ez-toc-link ez-toc-heading-1\" href=\"https:\/\/no.callie.com\/blog\/lys-i-morket-derfor-er-en-solcelledrevet-minnelampe-den-vakreste-og-mest-praktiske-hyllesten\/#Utfordringen_A_opprettholde_et_verdig_minnested_over_tid\" title=\"Utfordringen: \u00c5 opprettholde et verdig minnested over tid\">Utfordringen: \u00c5 opprettholde et verdig minnested over tid<\/a><\/li><li class='ez-toc-page-1 ez-toc-heading-level-2'><a class=\"ez-toc-link ez-toc-heading-2\" href=\"https:\/\/no.callie.com\/blog\/lys-i-morket-derfor-er-en-solcelledrevet-minnelampe-den-vakreste-og-mest-praktiske-hyllesten\/#Profesjonell_analyse_Kraften_i_symbolikk_og_lys\" title=\"Profesjonell analyse: Kraften i symbolikk og lys\">Profesjonell analyse: Kraften i symbolikk og lys<\/a><\/li><li class='ez-toc-page-1 ez-toc-heading-level-2'><a class=\"ez-toc-link ez-toc-heading-3\" href=\"https:\/\/no.callie.com\/blog\/lys-i-morket-derfor-er-en-solcelledrevet-minnelampe-den-vakreste-og-mest-praktiske-hyllesten\/#Losningen_Hvorfor_dette_minnelyset_overgar_tradisjonelle_gravlykter\" title=\"L\u00f8sningen: Hvorfor dette minnelyset overg\u00e5r tradisjonelle gravlykter\">L\u00f8sningen: Hvorfor dette minnelyset overg\u00e5r tradisjonelle gravlykter<\/a><\/li><\/ul><\/nav><\/div>\n<h2 class=\"wp-block-heading\"><span class=\"ez-toc-section\" id=\"Utfordringen_A_opprettholde_et_verdig_minnested_over_tid\"><\/span>Utfordringen: \u00c5 opprettholde et verdig minnested over tid<span class=\"ez-toc-section-end\"><\/span><\/h2>\n\n\n\n<p>\u00c5 miste en av sine kj\u00e6re er en av livets tyngste og mest hjerteskj\u00e6rende opplevelser. For etterlatte familier er det et dypt iboende behov \u00e5 skape et vakkert, varig og verdig minnested for \u00e5 hedre avd\u00f8de. Utfordringen mange m\u00f8ter n\u00e5r de skal stelle en grav eller et utend\u00f8rs minnested, er at tradisjonelle l\u00f8sninger ofte er forgjengelige. Friske blomster visner raskt, og vanlige gravlykter krever konstant utskifting av batterier eller stearinlys. I m\u00f8te med regn, vind og skiftende \u00e5rstider, kan det v\u00e6re vanskelig \u00e5 holde minnestedet kontinuerlig opplyst og velstelt. L\u00f8sningen p\u00e5 dette praktiske og emosjonelle problemet er en <a href=\"https:\/\/no.callie.com\/personalized-exquisite-pigeon-butterfly-floral-solar-garden-light-with-name-and-text-cemetery-garden-memorial-gift-for-bereaved-families\" target=\"_blank\" rel=\"noreferrer noopener\">personlig solcelledrevet minnelampe for kirkeg\u00e5rd med navn<\/a>, som kombinerer vedlikeholdsfri teknologi med dyp, personlig symbolikk.<\/p>\n\n\n\n<figure class=\"wp-block-image size-large\"><a href=\"https:\/\/no.callie.com\/personalized-exquisite-pigeon-butterfly-floral-solar-garden-light-with-name-and-text-cemetery-garden-memorial-gift-for-bereaved-families\" target=\"_blank\" rel=\"noreferrer noopener\"><img decoding=\"async\" src=\"https:\/\/d3ouql8tmwncoe.cloudfront.net\/uploads\/20260514\/0b345f955877b2a0fcc5eda5ee99e136.jpg?d=1000\" alt=\"personlig solcelledrevet minnelampe for kirkeg\u00e5rd med navn\"\/><\/a><\/figure>\n\n\n\n<h2 class=\"wp-block-heading\"><span class=\"ez-toc-section\" id=\"Profesjonell_analyse_Kraften_i_symbolikk_og_lys\"><\/span>Profesjonell analyse: Kraften i symbolikk og lys<span class=\"ez-toc-section-end\"><\/span><\/h2>\n\n\n\n<p>Psykologisk sett gir det enorm tr\u00f8st \u00e5 se et lys brenne p\u00e5 en grav; det symboliserer at minnet om personen fremdeles lever og skinner i m\u00f8rket. N\u00e5r vi kombinerer denne symbolske handlingen med klassiske motiver som duer (for fred), sommerfugler (for gjenf\u00f8delse) og blomster (for skj\u00f8nnhet), skapes et monument som taler direkte til hjertet. Et varig, lysende minnesmerke gir et fysisk sted for refleksjon og sorgbearbeiding, uten stresset med kontinuerlig vedlikehold.<\/p>\n\n\n\n<h2 class=\"wp-block-heading\"><span class=\"ez-toc-section\" id=\"Losningen_Hvorfor_dette_minnelyset_overgar_tradisjonelle_gravlykter\"><\/span>L\u00f8sningen: Hvorfor dette minnelyset overg\u00e5r tradisjonelle gravlykter<span class=\"ez-toc-section-end\"><\/span><\/h2>\n\n\n\n<p>Dette spesifikke designet skiller seg ut som den mest optimale l\u00f8sningen for etterlatte som \u00f8nsker en varig og personlig hyllest. Slik fungerer den i praksis:<\/p>\n\n\n\n<figure class=\"wp-block-image size-large\"><a href=\"https:\/\/no.callie.com\/personalized-exquisite-pigeon-butterfly-floral-solar-garden-light-with-name-and-text-cemetery-garden-memorial-gift-for-bereaved-families\" target=\"_blank\" rel=\"noreferrer noopener\"><img decoding=\"async\" src=\"https:\/\/d3ouql8tmwncoe.cloudfront.net\/uploads\/20260703\/719a724bfa0a010dd0c521adc357ac89.jpg?d=1000\" alt=\"personlig solcelledrevet minnelampe for kirkeg\u00e5rd med navn\"\/><\/a><\/figure>\n\n\n\n<ul>\n<li><strong>Helautomatisk belysning:<\/strong> Med et innebygd 600 mAh batteri og en smart optisk sensor, er denne lampen fullstendig selvdrevet. Den lader seg opp ved hjelp av sollys om dagen, og sl\u00e5r seg automatisk p\u00e5 for \u00e5 lyse mykt i opptil 8 timer om natten. Du slipper helt ledninger og batteribytter.<\/li>\n\n\n\n<li><strong>V\u00e6rbestandig kvalitet:<\/strong> Utstyrt med en vanntetthetsgrad p\u00e5 IP44 og laget av robuste materialer, er den designet for \u00e5 t\u00e5le ulike utend\u00f8rs v\u00e6rforhold. B\u00e5de m\u00f8nstrene og teksten er falmebestandige, noe som sikrer at hyllesten holder seg vakker over tid.<\/li>\n\n\n\n<li><strong>Skreddersydd for mottakeren:<\/strong> Som du kan se i referansebildet &#8220;image_b92740.jpg&#8221;, kan det elegante designet personliggj\u00f8res fullt ut med avd\u00f8des navn, minnetekst og leve\u00e5r. Dette gj\u00f8r lampen til en dypt intim og emosjonell gjenstand fremfor et masseprodusert produkt.<\/li>\n\n\n\n<li><strong>Kompakt og allsidig plassering:<\/strong> Dens lette og kompakte st\u00f8rrelse, kombinert med et solid jordspyd, gj\u00f8r at den st\u00e5r stabilt enten den plasseres p\u00e5 en kirkeg\u00e5rd, i en minnepark, eller i din egen hage.<\/li>\n<\/ul>\n\n\n\n<p>\u00c5 gi denne minnelampen som en sympatigave til en etterlatt familie, eller \u00e5 kj\u00f8pe den til minne om din egen kj\u00e6re, er en omsorgsfull handling. Den gir en varm gl\u00f8d som b\u00e6rer tankene videre, natt etter natt, og bevarer de vakre minnene for alltid.<\/p>\n","protected":false},"excerpt":{"rendered":"<p>Utfordringen: \u00c5 opprettholde et verdig minnested over tid \u00c5 miste en av sine kj\u00e6re er en av livets tyngste og mest hjerteskj\u00e6rende opplevelser. For etterlatte familier er det et dypt iboende behov \u00e5 skape et vakkert, varig og verdig minnested for \u00e5 hedre avd\u00f8de. Utfordringen mange m\u00f8ter n\u00e5r de skal stelle en grav eller et [&hellip;]<\/p>\n","protected":false},"author":4,"featured_media":383,"comment_status":"open","ping_status":"open","sticky":false,"template":"","format":"standard","meta":{"footnotes":""},"categories":[518],"tags":[549],"yoast_head":"<!-- This site is optimized with the Yoast SEO plugin v22.7 - https:\/\/yoast.com\/wordpress\/plugins\/seo\/ -->\n<title>Lys i m\u00f8rket: Derfor er en solcelledrevet minnelampe den vakreste og mest praktiske hyllesten - Custom Gift Ideas &amp; Inspiration for Every Occasion<\/title>\n<meta name=\"description\" content=\"Leter du etter en varig m\u00e5te \u00e5 hedre en avd\u00f8d p\u00e5? Oppdag hvorfor en personlig solcelledrevet minnelampe for kirkeg\u00e5rd med navn er den ultimate, vedlikeholdsfrie minnegaven.\" \/>\n<meta name=\"robots\" content=\"index, follow, max-snippet:-1, max-image-preview:large, max-video-preview:-1\" \/>\n<link rel=\"canonical\" href=\"https:\/\/no.callie.com\/blog\/lys-i-morket-derfor-er-en-solcelledrevet-minnelampe-den-vakreste-og-mest-praktiske-hyllesten\/\" \/>\n<meta property=\"og:locale\" content=\"en_US\" \/>\n<meta property=\"og:type\" content=\"article\" \/>\n<meta property=\"og:title\" content=\"Lys i m\u00f8rket: Derfor er en solcelledrevet minnelampe den vakreste og mest praktiske hyllesten - Custom Gift Ideas &amp; Inspiration for Every Occasion\" \/>\n<meta property=\"og:description\" content=\"Leter du etter en varig m\u00e5te \u00e5 hedre en avd\u00f8d p\u00e5? Oppdag hvorfor en personlig solcelledrevet minnelampe for kirkeg\u00e5rd med navn er den ultimate, vedlikeholdsfrie minnegaven.\" \/>\n<meta property=\"og:url\" content=\"https:\/\/no.callie.com\/blog\/lys-i-morket-derfor-er-en-solcelledrevet-minnelampe-den-vakreste-og-mest-praktiske-hyllesten\/\" \/>\n<meta property=\"og:site_name\" content=\"Custom Gift Ideas &amp; Inspiration for Every Occasion\" \/>\n<meta property=\"article:published_time\" content=\"2026-09-01T10:52:16+00:00\" \/>\n<meta property=\"article:modified_time\" content=\"2026-09-01T10:52:18+00:00\" \/>\n<meta property=\"og:image\" content=\"https:\/\/no.callie.com\/blog\/wp-content\/uploads\/2026\/09\/Lys-i-morket-Derfor-er-en-solcelledrevet-minnelampe-den-vakreste-og-mest-praktiske-hyllesten.png\" \/>\n\t<meta property=\"og:image:width\" content=\"1000\" \/>\n\t<meta property=\"og:image:height\" content=\"1000\" \/>\n\t<meta property=\"og:image:type\" content=\"image\/png\" \/>\n<meta name=\"author\" content=\"Silvia\" \/>\n<meta name=\"twitter:card\" content=\"summary_large_image\" \/>\n<meta name=\"twitter:label1\" content=\"Written by\" \/>\n\t<meta name=\"twitter:data1\" content=\"Silvia\" \/>\n\t<meta name=\"twitter:label2\" content=\"Est. reading time\" \/>\n\t<meta name=\"twitter:data2\" content=\"3 minutes\" \/>\n<script type=\"application\/ld+json\" class=\"yoast-schema-graph\">{\"@context\":\"https:\/\/schema.org\",\"@graph\":[{\"@type\":\"WebPage\",\"@id\":\"https:\/\/no.callie.com\/blog\/lys-i-morket-derfor-er-en-solcelledrevet-minnelampe-den-vakreste-og-mest-praktiske-hyllesten\/\",\"url\":\"https:\/\/no.callie.com\/blog\/lys-i-morket-derfor-er-en-solcelledrevet-minnelampe-den-vakreste-og-mest-praktiske-hyllesten\/\",\"name\":\"Lys i m\u00f8rket: Derfor er en solcelledrevet minnelampe den vakreste og mest praktiske hyllesten - Custom Gift Ideas &amp; Inspiration for Every Occasion\",\"isPartOf\":{\"@id\":\"https:\/\/no.callie.com\/blog\/#website\"},\"primaryImageOfPage\":{\"@id\":\"https:\/\/no.callie.com\/blog\/lys-i-morket-derfor-er-en-solcelledrevet-minnelampe-den-vakreste-og-mest-praktiske-hyllesten\/#primaryimage\"},\"image\":{\"@id\":\"https:\/\/no.callie.com\/blog\/lys-i-morket-derfor-er-en-solcelledrevet-minnelampe-den-vakreste-og-mest-praktiske-hyllesten\/#primaryimage\"},\"thumbnailUrl\":\"https:\/\/no.callie.com\/blog\/wp-content\/uploads\/2026\/09\/Lys-i-morket-Derfor-er-en-solcelledrevet-minnelampe-den-vakreste-og-mest-praktiske-hyllesten.png\",\"datePublished\":\"2026-09-01T10:52:16+00:00\",\"dateModified\":\"2026-09-01T10:52:18+00:00\",\"author\":{\"@id\":\"https:\/\/no.callie.com\/blog\/#\/schema\/person\/93e6251138c62530288df5173e7ce668\"},\"description\":\"Leter du etter en varig m\u00e5te \u00e5 hedre en avd\u00f8d p\u00e5? Oppdag hvorfor en personlig solcelledrevet minnelampe for kirkeg\u00e5rd med navn er den ultimate, vedlikeholdsfrie minnegaven.\",\"breadcrumb\":{\"@id\":\"https:\/\/no.callie.com\/blog\/lys-i-morket-derfor-er-en-solcelledrevet-minnelampe-den-vakreste-og-mest-praktiske-hyllesten\/#breadcrumb\"},\"inLanguage\":\"en-US\",\"potentialAction\":[{\"@type\":\"ReadAction\",\"target\":[\"https:\/\/no.callie.com\/blog\/lys-i-morket-derfor-er-en-solcelledrevet-minnelampe-den-vakreste-og-mest-praktiske-hyllesten\/\"]}]},{\"@type\":\"ImageObject\",\"inLanguage\":\"en-US\",\"@id\":\"https:\/\/no.callie.com\/blog\/lys-i-morket-derfor-er-en-solcelledrevet-minnelampe-den-vakreste-og-mest-praktiske-hyllesten\/#primaryimage\",\"url\":\"https:\/\/no.callie.com\/blog\/wp-content\/uploads\/2026\/09\/Lys-i-morket-Derfor-er-en-solcelledrevet-minnelampe-den-vakreste-og-mest-praktiske-hyllesten.png\",\"contentUrl\":\"https:\/\/no.callie.com\/blog\/wp-content\/uploads\/2026\/09\/Lys-i-morket-Derfor-er-en-solcelledrevet-minnelampe-den-vakreste-og-mest-praktiske-hyllesten.png\",\"width\":1000,\"height\":1000,\"caption\":\"Lys i m\u00f8rket Derfor er en solcelledrevet minnelampe den vakreste og mest praktiske hyllesten\"},{\"@type\":\"BreadcrumbList\",\"@id\":\"https:\/\/no.callie.com\/blog\/lys-i-morket-derfor-er-en-solcelledrevet-minnelampe-den-vakreste-og-mest-praktiske-hyllesten\/#breadcrumb\",\"itemListElement\":[{\"@type\":\"ListItem\",\"position\":1,\"name\":\"Home\",\"item\":\"https:\/\/no.callie.com\/blog\/\"},{\"@type\":\"ListItem\",\"position\":2,\"name\":\"Lys i m\u00f8rket: Derfor er en solcelledrevet minnelampe den vakreste og mest praktiske hyllesten\"}]},{\"@type\":\"WebSite\",\"@id\":\"https:\/\/no.callie.com\/blog\/#website\",\"url\":\"https:\/\/no.callie.com\/blog\/\",\"name\":\"Custom Gift Ideas &amp; Inspiration for Every Occasion\",\"description\":\"\",\"potentialAction\":[{\"@type\":\"SearchAction\",\"target\":{\"@type\":\"EntryPoint\",\"urlTemplate\":\"https:\/\/no.callie.com\/blog\/?s={search_term_string}\"},\"query-input\":\"required name=search_term_string\"}],\"inLanguage\":\"en-US\"},{\"@type\":\"Person\",\"@id\":\"https:\/\/no.callie.com\/blog\/#\/schema\/person\/93e6251138c62530288df5173e7ce668\",\"name\":\"Silvia\",\"image\":{\"@type\":\"ImageObject\",\"inLanguage\":\"en-US\",\"@id\":\"https:\/\/no.callie.com\/blog\/#\/schema\/person\/image\/\",\"url\":\"https:\/\/secure.gravatar.com\/avatar\/8274220a631a45ff1c84475db5c85795?s=96&d=mm&r=g\",\"contentUrl\":\"https:\/\/secure.gravatar.com\/avatar\/8274220a631a45ff1c84475db5c85795?s=96&d=mm&r=g\",\"caption\":\"Silvia\"},\"url\":\"https:\/\/no.callie.com\/blog\/author\/silvia\/\"}]}<\/script>\n<!-- \/ Yoast SEO plugin. -->","yoast_head_json":{"title":"Lys i m\u00f8rket: Derfor er en solcelledrevet minnelampe den vakreste og mest praktiske hyllesten - Custom Gift Ideas &amp; Inspiration for Every Occasion","description":"Leter du etter en varig m\u00e5te \u00e5 hedre en avd\u00f8d p\u00e5? Oppdag hvorfor en personlig solcelledrevet minnelampe for kirkeg\u00e5rd med navn er den ultimate, vedlikeholdsfrie minnegaven.","robots":{"index":"index","follow":"follow","max-snippet":"max-snippet:-1","max-image-preview":"max-image-preview:large","max-video-preview":"max-video-preview:-1"},"canonical":"https:\/\/no.callie.com\/blog\/lys-i-morket-derfor-er-en-solcelledrevet-minnelampe-den-vakreste-og-mest-praktiske-hyllesten\/","og_locale":"en_US","og_type":"article","og_title":"Lys i m\u00f8rket: Derfor er en solcelledrevet minnelampe den vakreste og mest praktiske hyllesten - Custom Gift Ideas &amp; Inspiration for Every Occasion","og_description":"Leter du etter en varig m\u00e5te \u00e5 hedre en avd\u00f8d p\u00e5? Oppdag hvorfor en personlig solcelledrevet minnelampe for kirkeg\u00e5rd med navn er den ultimate, vedlikeholdsfrie minnegaven.","og_url":"https:\/\/no.callie.com\/blog\/lys-i-morket-derfor-er-en-solcelledrevet-minnelampe-den-vakreste-og-mest-praktiske-hyllesten\/","og_site_name":"Custom Gift Ideas &amp; Inspiration for Every Occasion","article_published_time":"2026-09-01T10:52:16+00:00","article_modified_time":"2026-09-01T10:52:18+00:00","og_image":[{"width":1000,"height":1000,"url":"https:\/\/no.callie.com\/blog\/wp-content\/uploads\/2026\/09\/Lys-i-morket-Derfor-er-en-solcelledrevet-minnelampe-den-vakreste-og-mest-praktiske-hyllesten.png","type":"image\/png"}],"author":"Silvia","twitter_card":"summary_large_image","twitter_misc":{"Written by":"Silvia","Est. reading time":"3 minutes"},"schema":{"@context":"https:\/\/schema.org","@graph":[{"@type":"WebPage","@id":"https:\/\/no.callie.com\/blog\/lys-i-morket-derfor-er-en-solcelledrevet-minnelampe-den-vakreste-og-mest-praktiske-hyllesten\/","url":"https:\/\/no.callie.com\/blog\/lys-i-morket-derfor-er-en-solcelledrevet-minnelampe-den-vakreste-og-mest-praktiske-hyllesten\/","name":"Lys i m\u00f8rket: Derfor er en solcelledrevet minnelampe den vakreste og mest praktiske hyllesten - Custom Gift Ideas &amp; Inspiration for Every Occasion","isPartOf":{"@id":"https:\/\/no.callie.com\/blog\/#website"},"primaryImageOfPage":{"@id":"https:\/\/no.callie.com\/blog\/lys-i-morket-derfor-er-en-solcelledrevet-minnelampe-den-vakreste-og-mest-praktiske-hyllesten\/#primaryimage"},"image":{"@id":"https:\/\/no.callie.com\/blog\/lys-i-morket-derfor-er-en-solcelledrevet-minnelampe-den-vakreste-og-mest-praktiske-hyllesten\/#primaryimage"},"thumbnailUrl":"https:\/\/no.callie.com\/blog\/wp-content\/uploads\/2026\/09\/Lys-i-morket-Derfor-er-en-solcelledrevet-minnelampe-den-vakreste-og-mest-praktiske-hyllesten.png","datePublished":"2026-09-01T10:52:16+00:00","dateModified":"2026-09-01T10:52:18+00:00","author":{"@id":"https:\/\/no.callie.com\/blog\/#\/schema\/person\/93e6251138c62530288df5173e7ce668"},"description":"Leter du etter en varig m\u00e5te \u00e5 hedre en avd\u00f8d p\u00e5? Oppdag hvorfor en personlig solcelledrevet minnelampe for kirkeg\u00e5rd med navn er den ultimate, vedlikeholdsfrie minnegaven.","breadcrumb":{"@id":"https:\/\/no.callie.com\/blog\/lys-i-morket-derfor-er-en-solcelledrevet-minnelampe-den-vakreste-og-mest-praktiske-hyllesten\/#breadcrumb"},"inLanguage":"en-US","potentialAction":[{"@type":"ReadAction","target":["https:\/\/no.callie.com\/blog\/lys-i-morket-derfor-er-en-solcelledrevet-minnelampe-den-vakreste-og-mest-praktiske-hyllesten\/"]}]},{"@type":"ImageObject","inLanguage":"en-US","@id":"https:\/\/no.callie.com\/blog\/lys-i-morket-derfor-er-en-solcelledrevet-minnelampe-den-vakreste-og-mest-praktiske-hyllesten\/#primaryimage","url":"https:\/\/no.callie.com\/blog\/wp-content\/uploads\/2026\/09\/Lys-i-morket-Derfor-er-en-solcelledrevet-minnelampe-den-vakreste-og-mest-praktiske-hyllesten.png","contentUrl":"https:\/\/no.callie.com\/blog\/wp-content\/uploads\/2026\/09\/Lys-i-morket-Derfor-er-en-solcelledrevet-minnelampe-den-vakreste-og-mest-praktiske-hyllesten.png","width":1000,"height":1000,"caption":"Lys i m\u00f8rket Derfor er en solcelledrevet minnelampe den vakreste og mest praktiske hyllesten"},{"@type":"BreadcrumbList","@id":"https:\/\/no.callie.com\/blog\/lys-i-morket-derfor-er-en-solcelledrevet-minnelampe-den-vakreste-og-mest-praktiske-hyllesten\/#breadcrumb","itemListElement":[{"@type":"ListItem","position":1,"name":"Home","item":"https:\/\/no.callie.com\/blog\/"},{"@type":"ListItem","position":2,"name":"Lys i m\u00f8rket: Derfor er en solcelledrevet minnelampe den vakreste og mest praktiske hyllesten"}]},{"@type":"WebSite","@id":"https:\/\/no.callie.com\/blog\/#website","url":"https:\/\/no.callie.com\/blog\/","name":"Custom Gift Ideas &amp; Inspiration for Every Occasion","description":"","potentialAction":[{"@type":"SearchAction","target":{"@type":"EntryPoint","urlTemplate":"https:\/\/no.callie.com\/blog\/?s={search_term_string}"},"query-input":"required name=search_term_string"}],"inLanguage":"en-US"},{"@type":"Person","@id":"https:\/\/no.callie.com\/blog\/#\/schema\/person\/93e6251138c62530288df5173e7ce668","name":"Silvia","image":{"@type":"ImageObject","inLanguage":"en-US","@id":"https:\/\/no.callie.com\/blog\/#\/schema\/person\/image\/","url":"https:\/\/secure.gravatar.com\/avatar\/8274220a631a45ff1c84475db5c85795?s=96&d=mm&r=g","contentUrl":"https:\/\/secure.gravatar.com\/avatar\/8274220a631a45ff1c84475db5c85795?s=96&d=mm&r=g","caption":"Silvia"},"url":"https:\/\/no.callie.com\/blog\/author\/silvia\/"}]}},"_links":{"self":[{"href":"https:\/\/no.callie.com\/blog\/wp-json\/wp\/v2\/posts\/382"}],"collection":[{"href":"https:\/\/no.callie.com\/blog\/wp-json\/wp\/v2\/posts"}],"about":[{"href":"https:\/\/no.callie.com\/blog\/wp-json\/wp\/v2\/types\/post"}],"author":[{"embeddable":true,"href":"https:\/\/no.callie.com\/blog\/wp-json\/wp\/v2\/users\/4"}],"replies":[{"embeddable":true,"href":"https:\/\/no.callie.com\/blog\/wp-json\/wp\/v2\/comments?post=382"}],"version-history":[{"count":1,"href":"https:\/\/no.callie.com\/blog\/wp-json\/wp\/v2\/posts\/382\/revisions"}],"predecessor-version":[{"id":384,"href":"https:\/\/no.callie.com\/blog\/wp-json\/wp\/v2\/posts\/382\/revisions\/384"}],"wp:featuredmedia":[{"embeddable":true,"href":"https:\/\/no.callie.com\/blog\/wp-json\/wp\/v2\/media\/383"}],"wp:attachment":[{"href":"https:\/\/no.callie.com\/blog\/wp-json\/wp\/v2\/media?parent=382"}],"wp:term":[{"taxonomy":"category","embeddable":true,"href":"https:\/\/no.callie.com\/blog\/wp-json\/wp\/v2\/categories?post=382"},{"taxonomy":"post_tag","embeddable":true,"href":"https:\/\/no.callie.com\/blog\/wp-json\/wp\/v2\/tags?post=382"}],"curies":[{"name":"wp","href":"https:\/\/api.w.org\/{rel}","templated":true}]}}